{"id":851,"date":"2023-07-25T19:26:42","date_gmt":"2023-07-25T22:26:42","guid":{"rendered":"https:\/\/aepadigital.org\/aepa\/?p=851"},"modified":"2023-07-25T19:27:41","modified_gmt":"2023-07-25T22:27:41","slug":"comunicacion-estrategica-en-la-agroindustria-tema-de-una-jornada-de-capacitacion-gratuita","status":"publish","type":"post","link":"https:\/\/aepadigital.org\/aepa\/comunicacion-estrategica-en-la-agroindustria-tema-de-una-jornada-de-capacitacion-gratuita\/","title":{"rendered":"Comunicaci\u00f3n Estrat\u00e9gica en la Agroindustria, tema de una jornada de capacitaci\u00f3n gratuita"},"content":{"rendered":"<p>La Asociaci\u00f3n Entrerriana de Periodistas Agropecuarios (AEPA) organiza para el viernes primero de septiembre una jornada de capacitaci\u00f3n sobre Comunicaci\u00f3n Estrat\u00e9gica en la Agroindustria a cargo de la experta Sandra Massoni. La actividad se complementa con un panel integrado por M\u00e1ximo Bontempo, director de Comunicaci\u00f3n de INTA y Federico Etiennot, gerente de Comunicaciones de Axion Energy; que ser\u00e1 moderado por Maximiliano Nielsen.<\/p>\n<p>El foro es de acceso libre y gratuito con inscripci\u00f3n previa v\u00eda on line a trav\u00e9s del siguiente link: <a href=\"https:\/\/forms.gle\/coumciHxW9zcptm19\">https:\/\/forms.gle\/coumciHxW9zcptm19<\/a> y est\u00e1 destinada a periodistas y comunicadores en general y la agroindustria en particular.\u00a0 Ser\u00e1 en el auditorio de la Facultad de Ciencias Econ\u00f3micas, de la Universidad Nacional de Entre R\u00edos (UNER), a partir de las 15 horas y hasta las 19.<\/p>\n<p>Dana Olivera Taleb, titular de la AEPA, fundament\u00f3 la iniciativa en \u201cla importancia que le adjudicamos a que el campo y su entorno industrial cuenten cada vez con m\u00e1s y mejores voces capaces de contar el rol del sector en la vida de las personas\u201d.<\/p>\n<p>Destac\u00f3 que sumar calidad a la comunicaci\u00f3n en el \u00e1mbito agroindustrial es una de las misiones que impulsan a la entidad que agrupa a trabajadores de prensa de Entre R\u00edos. Y cont\u00f3 que tours productivos para llegar a cada una de las cadenas de valor; y una Diplomatura en la UNER son algunas de las concreciones de la joven entidad en el \u00faltimo a\u00f1o y medio.<\/p>\n<p>\u201cCon la vocaci\u00f3n de abonar el inter\u00e9s y la curiosidad de periodistas con actividad en medios y comunicadores institucionales, la Asociaci\u00f3n organiza ahora una jornada espec\u00edfica para ellos\u201d, defini\u00f3 la comunicadora diamantina.<\/p>\n<p>El objetivo es ofrecer instrumentos que ayuden a expandir el horizonte laboral y de conocimientos de periodistas y profesionales de la comunicaci\u00f3n con actividad en la provincia. Como dato adicional Massoni anticip\u00f3 hacia d\u00f3nde orientar\u00e1 su exposici\u00f3n: \u201cLa incorporaci\u00f3n del enfoque estrat\u00e9gico en la comunicaci\u00f3n permite abarcar la comunicaci\u00f3n interna, la interinstitucional y la externa, definiendo en cada caso cu\u00e1l es la problem\u00e1tica prioritaria, cu\u00e1l es la transformaci\u00f3n cognitiva que es deseable poner en marcha en el marco de los objetivos institucionales y atendiendo muy especialmente a los contextos. Este modelo se concentra en facilitar las transformaciones a partir de una mirada respetuosa de la diversidad\u201d.<\/p>\n<p>&nbsp;<\/p>\n<p><img loading=\"lazy\" decoding=\"async\" class=\"alignnone wp-image-852\" src=\"https:\/\/aepadigital.org\/aepa\/wp-content\/uploads\/2023\/07\/WhatsApp-Image-2023-07-18-at-7.49.28-PM-300x300.jpeg\" alt=\"\" width=\"429\" height=\"429\" srcset=\"https:\/\/aepadigital.org\/aepa\/wp-content\/uploads\/2023\/07\/WhatsApp-Image-2023-07-18-at-7.49.28-PM-300x300.jpeg 300w, https:\/\/aepadigital.org\/aepa\/wp-content\/uploads\/2023\/07\/WhatsApp-Image-2023-07-18-at-7.49.28-PM-1024x1024.jpeg 1024w, https:\/\/aepadigital.org\/aepa\/wp-content\/uploads\/2023\/07\/WhatsApp-Image-2023-07-18-at-7.49.28-PM-150x150.jpeg 150w, https:\/\/aepadigital.org\/aepa\/wp-content\/uploads\/2023\/07\/WhatsApp-Image-2023-07-18-at-7.49.28-PM-768x768.jpeg 768w, https:\/\/aepadigital.org\/aepa\/wp-content\/uploads\/2023\/07\/WhatsApp-Image-2023-07-18-at-7.49.28-PM-400x400.jpeg 400w, https:\/\/aepadigital.org\/aepa\/wp-content\/uploads\/2023\/07\/WhatsApp-Image-2023-07-18-at-7.49.28-PM.jpeg 1501w\" sizes=\"auto, (max-width: 429px) 100vw, 429px\" \/><\/p>\n","protected":false},"excerpt":{"rendered":"<p>La Asociaci\u00f3n Entrerriana de Periodistas Agropecuarios (AEPA) organiza para el viernes primero de septiembre una jornada de capacitaci\u00f3n sobre Comunicaci\u00f3n Estrat\u00e9gica en la Agroindustria a cargo de la experta Sandra Massoni. La actividad se complementa con un panel integrado por M\u00e1ximo Bontempo, director de Comunicaci\u00f3n de INTA y Federico Etiennot, gerente de Comunicaciones de Axion [&hellip;]<\/p>\n","protected":false},"author":1,"featured_media":852,"comment_status":"open","ping_status":"open","sticky":false,"template":"","format":"standard","meta":{"_uag_custom_page_level_css":"","site-sidebar-layout":"default","site-content-layout":"default","ast-site-content-layout":"default","site-content-style":"default","site-sidebar-style":"default","ast-global-header-display":"","ast-banner-title-visibility":"","ast-main-header-display":"","ast-hfb-above-header-display":"","ast-hfb-below-header-display":"","ast-hfb-mobile-header-display":"","site-post-title":"","ast-breadcrumbs-content":"","ast-featured-img":"","footer-sml-layout":"","theme-transparent-header-meta":"default","adv-header-id-meta":"","stick-header-meta":"","header-above-stick-meta":"","header-main-stick-meta":"","header-below-stick-meta":"","astra-migrate-meta-layouts":"default","ast-page-background-enabled":"default","ast-page-background-meta":{"desktop":{"background-color":"","background-image":"","background-repeat":"repeat","background-position":"center center","background-size":"auto","background-attachment":"scroll","background-type":"","background-media":"","overlay-type":"","overlay-color":"","overlay-opacity":"","overlay-gradient":""},"tablet":{"background-color":"","background-image":"","background-repeat":"repeat","background-position":"center center","background-size":"auto","background-attachment":"scroll","background-type":"","background-media":"","overlay-type":"","overlay-color":"","overlay-opacity":"","overlay-gradient":""},"mobile":{"background-color":"","background-image":"","background-repeat":"repeat","background-position":"center center","background-size":"auto","background-attachment":"scroll","background-type":"","background-media":"","overlay-type":"","overlay-color":"","overlay-opacity":"","overlay-gradient":""}},"ast-content-background-meta":{"desktop":{"background-color":"var(--ast-global-color-5)","background-image":"","background-repeat":"repeat","background-position":"center center","background-size":"auto","background-attachment":"scroll","background-type":"","background-media":"","overlay-type":"","overlay-color":"","overlay-opacity":"","overlay-gradient":""},"tablet":{"background-color":"var(--ast-global-color-5)","background-image":"","background-repeat":"repeat","background-position":"center center","background-size":"auto","background-attachment":"scroll","background-type":"","background-media":"","overlay-type":"","overlay-color":"","overlay-opacity":"","overlay-gradient":""},"mobile":{"background-color":"var(--ast-global-color-5)","background-image":"","background-repeat":"repeat","background-position":"center center","background-size":"auto","background-attachment":"scroll","background-type":"","background-media":"","overlay-type":"","overlay-color":"","overlay-opacity":"","overlay-gradient":""}},"footnotes":""},"categories":[22],"tags":[],"class_list":["post-851","post","type-post","status-publish","format-standard","has-post-thumbnail","hentry","category-actividades"],"uagb_featured_image_src":{"full":["https:\/\/aepadigital.org\/aepa\/wp-content\/uploads\/2023\/07\/WhatsApp-Image-2023-07-18-at-7.49.28-PM.jpeg",1501,1501,false],"thumbnail":["https:\/\/aepadigital.org\/aepa\/wp-content\/uploads\/2023\/07\/WhatsApp-Image-2023-07-18-at-7.49.28-PM-150x150.jpeg",150,150,true],"medium":["https:\/\/aepadigital.org\/aepa\/wp-content\/uploads\/2023\/07\/WhatsApp-Image-2023-07-18-at-7.49.28-PM-300x300.jpeg",300,300,true],"medium_large":["https:\/\/aepadigital.org\/aepa\/wp-content\/uploads\/2023\/07\/WhatsApp-Image-2023-07-18-at-7.49.28-PM-768x768.jpeg",768,768,true],"large":["https:\/\/aepadigital.org\/aepa\/wp-content\/uploads\/2023\/07\/WhatsApp-Image-2023-07-18-at-7.49.28-PM-1024x1024.jpeg",1024,1024,true],"1536x1536":["https:\/\/aepadigital.org\/aepa\/wp-content\/uploads\/2023\/07\/WhatsApp-Image-2023-07-18-at-7.49.28-PM.jpeg",1501,1501,false],"2048x2048":["https:\/\/aepadigital.org\/aepa\/wp-content\/uploads\/2023\/07\/WhatsApp-Image-2023-07-18-at-7.49.28-PM.jpeg",1501,1501,false]},"uagb_author_info":{"display_name":"Aepa","author_link":"https:\/\/aepadigital.org\/aepa\/author\/aepa\/"},"uagb_comment_info":36,"uagb_excerpt":"La Asociaci\u00f3n Entrerriana de Periodistas Agropecuarios (AEPA) organiza para el viernes primero de septiembre una jornada de capacitaci\u00f3n sobre Comunicaci\u00f3n Estrat\u00e9gica en la Agroindustria a cargo de la experta Sandra Massoni. La actividad se complementa con un panel integrado por M\u00e1ximo Bontempo, director de Comunicaci\u00f3n de INTA y Federico Etiennot, gerente de Comunicaciones de Axion&hellip;","_links":{"self":[{"href":"https:\/\/aepadigital.org\/aepa\/wp-json\/wp\/v2\/posts\/851","targetHints":{"allow":["GET"]}}],"collection":[{"href":"https:\/\/aepadigital.org\/aepa\/wp-json\/wp\/v2\/posts"}],"about":[{"href":"https:\/\/aepadigital.org\/aepa\/wp-json\/wp\/v2\/types\/post"}],"author":[{"embeddable":true,"href":"https:\/\/aepadigital.org\/aepa\/wp-json\/wp\/v2\/users\/1"}],"replies":[{"embeddable":true,"href":"https:\/\/aepadigital.org\/aepa\/wp-json\/wp\/v2\/comments?post=851"}],"version-history":[{"count":1,"href":"https:\/\/aepadigital.org\/aepa\/wp-json\/wp\/v2\/posts\/851\/revisions"}],"predecessor-version":[{"id":853,"href":"https:\/\/aepadigital.org\/aepa\/wp-json\/wp\/v2\/posts\/851\/revisions\/853"}],"wp:featuredmedia":[{"embeddable":true,"href":"https:\/\/aepadigital.org\/aepa\/wp-json\/wp\/v2\/media\/852"}],"wp:attachment":[{"href":"https:\/\/aepadigital.org\/aepa\/wp-json\/wp\/v2\/media?parent=851"}],"wp:term":[{"taxonomy":"category","embeddable":true,"href":"https:\/\/aepadigital.org\/aepa\/wp-json\/wp\/v2\/categories?post=851"},{"taxonomy":"post_tag","embeddable":true,"href":"https:\/\/aepadigital.org\/aepa\/wp-json\/wp\/v2\/tags?post=851"}],"curies":[{"name":"wp","href":"https:\/\/api.w.org\/{rel}","templated":true}]}}