{"id":1023,"date":"2024-08-27T20:46:45","date_gmt":"2024-08-27T23:46:45","guid":{"rendered":"https:\/\/aepadigital.org\/aepa\/?p=1023"},"modified":"2024-08-27T20:51:16","modified_gmt":"2024-08-27T23:51:16","slug":"los-desafios-de-generar-agrocontenidos","status":"publish","type":"post","link":"https:\/\/aepadigital.org\/aepa\/los-desafios-de-generar-agrocontenidos\/","title":{"rendered":"Los desaf\u00edos de generar agrocontenidos"},"content":{"rendered":"<p style=\"text-align: justify;\">En el marco del D\u00eda del Periodista Agropecuario, la Asociaci\u00f3n Entrerriana de Periodistas Agropecuarios (AEPA) organiza para el viernes 6 de septiembre una jornada de capacitaci\u00f3n sobre los desaf\u00edos de Generar Agrocontenidos.<!--more-->La actividad de acceso libre y gratuito, ser\u00e1 a partir de las 15 horas en el auditorio de la <a class=\"x1i10hfl xjbqb8w x1ejq31n xd10rxx x1sy0etr x17r0tee x972fbf xcfux6l x1qhh985 xm0m39n x9f619 x1ypdohk xt0psk2 xe8uvvx xdj266r x11i5rnm xat24cr x1mh8g0r xexx8yu x4uap5 x18d9i69 xkhd6sd x16tdsg8 x1hl2dhg xggy1nq x1a2a7pz notranslate _a6hd\" tabindex=\"0\" role=\"link\" href=\"https:\/\/www.instagram.com\/BolsaCER\/\">@BolsaCER<\/a>, ubicado en San Mart\u00edn 553 de Paran\u00e1.<br \/>\n\u00abSer\u00e1 un espacio de formaci\u00f3n y de repensar los desaf\u00edos que tiene la comunicaci\u00f3n en materia de generaci\u00f3n de los contenidos del agro\u00bb, destac\u00f3 la titular de la entidad entrerriana, Dana Olivera Taleb, tras a dar a conocer la realizaci\u00f3n del evento que se har\u00e1 en el mes de septiembre. Tendr\u00e1 como apertura la disertaci\u00f3n del Ing. Agr. Adri\u00e1n Bifaretti, del Instituto de Promoci\u00f3n de la Carne Vacuna Argentina (IPCVA), sobre\u00a0 \u00abC\u00f3mo mejorar el marketing y el periodismo agroalimentario para capturar la atenci\u00f3n del p\u00fablico\u00bb.<\/p>\n<p>Inscribite en <a href=\"https:\/\/docs.google.com\/forms\/d\/e\/1FAIpQLSc4lql3s-JJ-cKtLqteEMS2zLq_wVreDoYrqRgZ1JKKAV1LTQ\/viewform\">AQU\u00cd<\/a><\/p>\n","protected":false},"excerpt":{"rendered":"<p>En el marco del D\u00eda del Periodista Agropecuario, la Asociaci\u00f3n Entrerriana de Periodistas Agropecuarios (AEPA) organiza para el viernes 6 de septiembre una jornada de capacitaci\u00f3n sobre los desaf\u00edos de Generar Agrocontenidos.<\/p>\n","protected":false},"author":1,"featured_media":1071,"comment_status":"open","ping_status":"open","sticky":false,"template":"","format":"standard","meta":{"_uag_custom_page_level_css":"","site-sidebar-layout":"default","site-content-layout":"","ast-site-content-layout":"default","site-content-style":"default","site-sidebar-style":"default","ast-global-header-display":"","ast-banner-title-visibility":"","ast-main-header-display":"","ast-hfb-above-header-display":"","ast-hfb-below-header-display":"","ast-hfb-mobile-header-display":"","site-post-title":"","ast-breadcrumbs-content":"","ast-featured-img":"","footer-sml-layout":"","theme-transparent-header-meta":"","adv-header-id-meta":"","stick-header-meta":"","header-above-stick-meta":"","header-main-stick-meta":"","header-below-stick-meta":"","astra-migrate-meta-layouts":"default","ast-page-background-enabled":"default","ast-page-background-meta":{"desktop":{"background-color":"","background-image":"","background-repeat":"repeat","background-position":"center center","background-size":"auto","background-attachment":"scroll","background-type":"","background-media":"","overlay-type":"","overlay-color":"","overlay-opacity":"","overlay-gradient":""},"tablet":{"background-color":"","background-image":"","background-repeat":"repeat","background-position":"center center","background-size":"auto","background-attachment":"scroll","background-type":"","background-media":"","overlay-type":"","overlay-color":"","overlay-opacity":"","overlay-gradient":""},"mobile":{"background-color":"","background-image":"","background-repeat":"repeat","background-position":"center center","background-size":"auto","background-attachment":"scroll","background-type":"","background-media":"","overlay-type":"","overlay-color":"","overlay-opacity":"","overlay-gradient":""}},"ast-content-background-meta":{"desktop":{"background-color":"var(--ast-global-color-5)","background-image":"","background-repeat":"repeat","background-position":"center center","background-size":"auto","background-attachment":"scroll","background-type":"","background-media":"","overlay-type":"","overlay-color":"","overlay-opacity":"","overlay-gradient":""},"tablet":{"background-color":"var(--ast-global-color-5)","background-image":"","background-repeat":"repeat","background-position":"center center","background-size":"auto","background-attachment":"scroll","background-type":"","background-media":"","overlay-type":"","overlay-color":"","overlay-opacity":"","overlay-gradient":""},"mobile":{"background-color":"var(--ast-global-color-5)","background-image":"","background-repeat":"repeat","background-position":"center center","background-size":"auto","background-attachment":"scroll","background-type":"","background-media":"","overlay-type":"","overlay-color":"","overlay-opacity":"","overlay-gradient":""}},"footnotes":""},"categories":[1],"tags":[],"class_list":["post-1023","post","type-post","status-publish","format-standard","has-post-thumbnail","hentry","category-novedades"],"uagb_featured_image_src":{"full":["https:\/\/aepadigital.org\/aepa\/wp-content\/uploads\/2024\/08\/Portada-Facebook-AEPA.png",1640,924,false],"thumbnail":["https:\/\/aepadigital.org\/aepa\/wp-content\/uploads\/2024\/08\/Portada-Facebook-AEPA-150x150.png",150,150,true],"medium":["https:\/\/aepadigital.org\/aepa\/wp-content\/uploads\/2024\/08\/Portada-Facebook-AEPA-300x169.png",300,169,true],"medium_large":["https:\/\/aepadigital.org\/aepa\/wp-content\/uploads\/2024\/08\/Portada-Facebook-AEPA-768x433.png",768,433,true],"large":["https:\/\/aepadigital.org\/aepa\/wp-content\/uploads\/2024\/08\/Portada-Facebook-AEPA-1024x577.png",1024,577,true],"1536x1536":["https:\/\/aepadigital.org\/aepa\/wp-content\/uploads\/2024\/08\/Portada-Facebook-AEPA-1536x865.png",1536,865,true],"2048x2048":["https:\/\/aepadigital.org\/aepa\/wp-content\/uploads\/2024\/08\/Portada-Facebook-AEPA.png",1640,924,false]},"uagb_author_info":{"display_name":"Aepa","author_link":"https:\/\/aepadigital.org\/aepa\/author\/aepa\/"},"uagb_comment_info":7,"uagb_excerpt":"En el marco del D\u00eda del Periodista Agropecuario, la Asociaci\u00f3n Entrerriana de Periodistas Agropecuarios (AEPA) organiza para el viernes 6 de septiembre una jornada de capacitaci\u00f3n sobre los desaf\u00edos de Generar Agrocontenidos.","_links":{"self":[{"href":"https:\/\/aepadigital.org\/aepa\/wp-json\/wp\/v2\/posts\/1023","targetHints":{"allow":["GET"]}}],"collection":[{"href":"https:\/\/aepadigital.org\/aepa\/wp-json\/wp\/v2\/posts"}],"about":[{"href":"https:\/\/aepadigital.org\/aepa\/wp-json\/wp\/v2\/types\/post"}],"author":[{"embeddable":true,"href":"https:\/\/aepadigital.org\/aepa\/wp-json\/wp\/v2\/users\/1"}],"replies":[{"embeddable":true,"href":"https:\/\/aepadigital.org\/aepa\/wp-json\/wp\/v2\/comments?post=1023"}],"version-history":[{"count":3,"href":"https:\/\/aepadigital.org\/aepa\/wp-json\/wp\/v2\/posts\/1023\/revisions"}],"predecessor-version":[{"id":1074,"href":"https:\/\/aepadigital.org\/aepa\/wp-json\/wp\/v2\/posts\/1023\/revisions\/1074"}],"wp:featuredmedia":[{"embeddable":true,"href":"https:\/\/aepadigital.org\/aepa\/wp-json\/wp\/v2\/media\/1071"}],"wp:attachment":[{"href":"https:\/\/aepadigital.org\/aepa\/wp-json\/wp\/v2\/media?parent=1023"}],"wp:term":[{"taxonomy":"category","embeddable":true,"href":"https:\/\/aepadigital.org\/aepa\/wp-json\/wp\/v2\/categories?post=1023"},{"taxonomy":"post_tag","embeddable":true,"href":"https:\/\/aepadigital.org\/aepa\/wp-json\/wp\/v2\/tags?post=1023"}],"curies":[{"name":"wp","href":"https:\/\/api.w.org\/{rel}","templated":true}]}}